{"id":238,"date":"2025-04-08T20:47:05","date_gmt":"2025-04-08T20:47:05","guid":{"rendered":"https:\/\/2024-2027.cdfdz.gob.mx\/?p=238"},"modified":"2025-04-08T20:47:06","modified_gmt":"2025-04-08T20:47:06","slug":"acciones-preventivas","status":"publish","type":"post","link":"https:\/\/2024-2027.cdfdz.gob.mx\/?p=238","title":{"rendered":"Acciones preventivas"},"content":{"rendered":"\n<p class=\"has-text-align-left\">La coordinaci\u00f3n de Protecci\u00f3n Civil y el departamento de Ecolog\u00eda llevan a cabo acciones preventivas bajo solicitud de vecinos de la calle Escontria del ejido el Refugio donde sofocaron y removieron escombros y basura que prendieron sin los debidos permisos por lo que se entrevist\u00f3 con los propietarios y tambi\u00e9n coadyuvaron para la sofocacion del incendio.<\/p>\n\n\n<div class=\"wp-block-image\">\n<figure class=\"aligncenter size-full is-resized\"><img loading=\"lazy\" decoding=\"async\" width=\"944\" height=\"844\" src=\"https:\/\/2024-2027.cdfdz.gob.mx\/wp-content\/uploads\/2025\/04\/pc.jpg\" alt=\"\" class=\"wp-image-239\" style=\"width:586px;height:auto\" srcset=\"https:\/\/2024-2027.cdfdz.gob.mx\/wp-content\/uploads\/2025\/04\/pc.jpg 944w, https:\/\/2024-2027.cdfdz.gob.mx\/wp-content\/uploads\/2025\/04\/pc-300x268.jpg 300w, https:\/\/2024-2027.cdfdz.gob.mx\/wp-content\/uploads\/2025\/04\/pc-768x687.jpg 768w\" sizes=\"auto, (max-width: 944px) 100vw, 944px\" \/><\/figure>\n<\/div>","protected":false},"excerpt":{"rendered":"<p>La coordinaci\u00f3n de Protecci\u00f3n Civil y el departamento de Ecolog\u00eda llevan a cabo acciones preventivas bajo solicitud de vecinos de la calle Escontria del ejido el Refugio donde sofocaron y removieron escombros y basura que prendieron sin los debidos permisos por lo que se entrevist\u00f3 con los propietarios y tambi\u00e9n coadyuvaron para la sofocacion del&#8230;<\/p>\n","protected":false},"author":2,"featured_media":239,"comment_status":"closed","ping_status":"closed","sticky":false,"template":"","format":"standard","meta":{"_uag_custom_page_level_css":"","footnotes":""},"categories":[14,28],"tags":[],"class_list":["post-238","post","type-post","status-publish","format-standard","has-post-thumbnail","hentry","category-ecologia","category-proteccion-civil"],"uagb_featured_image_src":{"full":["https:\/\/2024-2027.cdfdz.gob.mx\/wp-content\/uploads\/2025\/04\/pc.jpg",944,844,false],"thumbnail":["https:\/\/2024-2027.cdfdz.gob.mx\/wp-content\/uploads\/2025\/04\/pc-150x150.jpg",150,150,true],"medium":["https:\/\/2024-2027.cdfdz.gob.mx\/wp-content\/uploads\/2025\/04\/pc-300x268.jpg",300,268,true],"medium_large":["https:\/\/2024-2027.cdfdz.gob.mx\/wp-content\/uploads\/2025\/04\/pc-768x687.jpg",640,573,true],"large":["https:\/\/2024-2027.cdfdz.gob.mx\/wp-content\/uploads\/2025\/04\/pc.jpg",640,572,false],"1536x1536":["https:\/\/2024-2027.cdfdz.gob.mx\/wp-content\/uploads\/2025\/04\/pc.jpg",944,844,false],"2048x2048":["https:\/\/2024-2027.cdfdz.gob.mx\/wp-content\/uploads\/2025\/04\/pc.jpg",944,844,false],"newsmatic-featured":["https:\/\/2024-2027.cdfdz.gob.mx\/wp-content\/uploads\/2025\/04\/pc-820x545.jpg",820,545,true],"newsmatic-list":["https:\/\/2024-2027.cdfdz.gob.mx\/wp-content\/uploads\/2025\/04\/pc-600x400.jpg",600,400,true],"newsmatic-thumb":["https:\/\/2024-2027.cdfdz.gob.mx\/wp-content\/uploads\/2025\/04\/pc-300x200.jpg",300,200,true],"newsmatic-small":["https:\/\/2024-2027.cdfdz.gob.mx\/wp-content\/uploads\/2025\/04\/pc-150x95.jpg",150,95,true],"newsmatic-grid":["https:\/\/2024-2027.cdfdz.gob.mx\/wp-content\/uploads\/2025\/04\/pc-400x250.jpg",400,250,true]},"uagb_author_info":{"display_name":"H. Ayuntamiento de Ciudad Fern\u00e1ndez, S.L.P.","author_link":"https:\/\/2024-2027.cdfdz.gob.mx\/?author=2"},"uagb_comment_info":0,"uagb_excerpt":"La coordinaci\u00f3n de Protecci\u00f3n Civil y el departamento de Ecolog\u00eda llevan a cabo acciones preventivas bajo solicitud de vecinos de la calle Escontria del ejido el Refugio donde sofocaron y removieron escombros y basura que prendieron sin los debidos permisos por lo que se entrevist\u00f3 con los propietarios y tambi\u00e9n coadyuvaron para la sofocacion del...","_links":{"self":[{"href":"https:\/\/2024-2027.cdfdz.gob.mx\/index.php?rest_route=\/wp\/v2\/posts\/238","targetHints":{"allow":["GET"]}}],"collection":[{"href":"https:\/\/2024-2027.cdfdz.gob.mx\/index.php?rest_route=\/wp\/v2\/posts"}],"about":[{"href":"https:\/\/2024-2027.cdfdz.gob.mx\/index.php?rest_route=\/wp\/v2\/types\/post"}],"author":[{"embeddable":true,"href":"https:\/\/2024-2027.cdfdz.gob.mx\/index.php?rest_route=\/wp\/v2\/users\/2"}],"replies":[{"embeddable":true,"href":"https:\/\/2024-2027.cdfdz.gob.mx\/index.php?rest_route=%2Fwp%2Fv2%2Fcomments&post=238"}],"version-history":[{"count":1,"href":"https:\/\/2024-2027.cdfdz.gob.mx\/index.php?rest_route=\/wp\/v2\/posts\/238\/revisions"}],"predecessor-version":[{"id":240,"href":"https:\/\/2024-2027.cdfdz.gob.mx\/index.php?rest_route=\/wp\/v2\/posts\/238\/revisions\/240"}],"wp:featuredmedia":[{"embeddable":true,"href":"https:\/\/2024-2027.cdfdz.gob.mx\/index.php?rest_route=\/wp\/v2\/media\/239"}],"wp:attachment":[{"href":"https:\/\/2024-2027.cdfdz.gob.mx\/index.php?rest_route=%2Fwp%2Fv2%2Fmedia&parent=238"}],"wp:term":[{"taxonomy":"category","embeddable":true,"href":"https:\/\/2024-2027.cdfdz.gob.mx\/index.php?rest_route=%2Fwp%2Fv2%2Fcategories&post=238"},{"taxonomy":"post_tag","embeddable":true,"href":"https:\/\/2024-2027.cdfdz.gob.mx\/index.php?rest_route=%2Fwp%2Fv2%2Ftags&post=238"}],"curies":[{"name":"wp","href":"https:\/\/api.w.org\/{rel}","templated":true}]}}